{"id":6683,"date":"2026-04-22T10:37:21","date_gmt":"2026-04-22T08:37:21","guid":{"rendered":"http:\/\/www.pudelzucht-jakob.de\/pudelzucht\/?p=6683"},"modified":"2026-04-22T10:44:21","modified_gmt":"2026-04-22T08:44:21","slug":"pio-mio-ist-wieder-daheim-und-sucht-eine-neue-familie","status":"publish","type":"post","link":"http:\/\/www.pudelzucht-jakob.de\/pudelzucht\/pio-mio-ist-wieder-daheim-und-sucht-eine-neue-familie\/","title":{"rendered":"Pio Mio ist wieder daheim und sucht eine neue Familie"},"content":{"rendered":"<p>Aufgrund Erkrankung seines Frauchens wurde Kleinpudelr\u00fcde Pio Mio wieder zur\u00fcck gegeben.<br \/>\nAm 25. April wird er 6 Monate alt und wir suchen nun f\u00fcr ihn als Familienhund ein neues Zuhause.<\/p>\n<p><a href=\"http:\/\/www.pudelzucht-jakob.de\/pudelzucht\/wp-content\/uploads\/2026\/04\/2026-04-21_Pio-Mio-02-aufgehuebscht-1.jpg\"><img loading=\"lazy\" decoding=\"async\" src=\"http:\/\/www.pudelzucht-jakob.de\/pudelzucht\/wp-content\/uploads\/2026\/04\/2026-04-21_Pio-Mio-02-aufgehuebscht-1-500x375.jpg\" alt=\"\" width=\"500\" height=\"375\" class=\"alignnone size-medium wp-image-6684\" srcset=\"http:\/\/www.pudelzucht-jakob.de\/pudelzucht\/wp-content\/uploads\/2026\/04\/2026-04-21_Pio-Mio-02-aufgehuebscht-1-500x375.jpg 500w, http:\/\/www.pudelzucht-jakob.de\/pudelzucht\/wp-content\/uploads\/2026\/04\/2026-04-21_Pio-Mio-02-aufgehuebscht-1-768x576.jpg 768w, http:\/\/www.pudelzucht-jakob.de\/pudelzucht\/wp-content\/uploads\/2026\/04\/2026-04-21_Pio-Mio-02-aufgehuebscht-1.jpg 1024w\" sizes=\"auto, (max-width: 500px) 100vw, 500px\" \/><\/a><\/p>\n<p><a href=\"http:\/\/www.pudelzucht-jakob.de\/pudelzucht\/wp-content\/uploads\/2026\/04\/2026-04-21_Pio-Mio-02-aufgehuebscht-3.jpg\"><img loading=\"lazy\" decoding=\"async\" src=\"http:\/\/www.pudelzucht-jakob.de\/pudelzucht\/wp-content\/uploads\/2026\/04\/2026-04-21_Pio-Mio-02-aufgehuebscht-3-500x375.jpg\" alt=\"\" width=\"500\" height=\"375\" class=\"alignnone size-medium wp-image-6685\" srcset=\"http:\/\/www.pudelzucht-jakob.de\/pudelzucht\/wp-content\/uploads\/2026\/04\/2026-04-21_Pio-Mio-02-aufgehuebscht-3-500x375.jpg 500w, http:\/\/www.pudelzucht-jakob.de\/pudelzucht\/wp-content\/uploads\/2026\/04\/2026-04-21_Pio-Mio-02-aufgehuebscht-3-768x576.jpg 768w, http:\/\/www.pudelzucht-jakob.de\/pudelzucht\/wp-content\/uploads\/2026\/04\/2026-04-21_Pio-Mio-02-aufgehuebscht-3.jpg 1024w\" sizes=\"auto, (max-width: 500px) 100vw, 500px\" \/><\/a><\/p>\n<p><a href=\"http:\/\/www.pudelzucht-jakob.de\/pudelzucht\/wp-content\/uploads\/2026\/04\/2026-04-21_Pio-Mio-02-aufgehuebscht-5.jpg\"><img loading=\"lazy\" decoding=\"async\" src=\"http:\/\/www.pudelzucht-jakob.de\/pudelzucht\/wp-content\/uploads\/2026\/04\/2026-04-21_Pio-Mio-02-aufgehuebscht-5-375x500.jpg\" alt=\"\" width=\"375\" height=\"500\" class=\"alignnone size-medium wp-image-6686\" srcset=\"http:\/\/www.pudelzucht-jakob.de\/pudelzucht\/wp-content\/uploads\/2026\/04\/2026-04-21_Pio-Mio-02-aufgehuebscht-5-375x500.jpg 375w, http:\/\/www.pudelzucht-jakob.de\/pudelzucht\/wp-content\/uploads\/2026\/04\/2026-04-21_Pio-Mio-02-aufgehuebscht-5.jpg 768w\" sizes=\"auto, (max-width: 375px) 100vw, 375px\" \/><\/a><\/p>\n","protected":false},"excerpt":{"rendered":"<p>Aufgrund Erkrankung seines Frauchens wurde Kleinpudelr\u00fcde Pio Mio wieder zur\u00fcck gegeben. Am 25. April wird er 6 Monate alt und wir suchen nun f\u00fcr ihn als Familienhund ein neues Zuhause.<\/p>\n","protected":false},"author":1,"featured_media":0,"comment_status":"closed","ping_status":"closed","sticky":false,"template":"","format":"standard","meta":{"footnotes":""},"categories":[1,7,9],"tags":[],"class_list":["post-6683","post","type-post","status-publish","format-standard","hentry","category-allgemein","category-pudelzucht","category-welpen"],"_links":{"self":[{"href":"http:\/\/www.pudelzucht-jakob.de\/pudelzucht\/wp-json\/wp\/v2\/posts\/6683","targetHints":{"allow":["GET"]}}],"collection":[{"href":"http:\/\/www.pudelzucht-jakob.de\/pudelzucht\/wp-json\/wp\/v2\/posts"}],"about":[{"href":"http:\/\/www.pudelzucht-jakob.de\/pudelzucht\/wp-json\/wp\/v2\/types\/post"}],"author":[{"embeddable":true,"href":"http:\/\/www.pudelzucht-jakob.de\/pudelzucht\/wp-json\/wp\/v2\/users\/1"}],"replies":[{"embeddable":true,"href":"http:\/\/www.pudelzucht-jakob.de\/pudelzucht\/wp-json\/wp\/v2\/comments?post=6683"}],"version-history":[{"count":4,"href":"http:\/\/www.pudelzucht-jakob.de\/pudelzucht\/wp-json\/wp\/v2\/posts\/6683\/revisions"}],"predecessor-version":[{"id":6690,"href":"http:\/\/www.pudelzucht-jakob.de\/pudelzucht\/wp-json\/wp\/v2\/posts\/6683\/revisions\/6690"}],"wp:attachment":[{"href":"http:\/\/www.pudelzucht-jakob.de\/pudelzucht\/wp-json\/wp\/v2\/media?parent=6683"}],"wp:term":[{"taxonomy":"category","embeddable":true,"href":"http:\/\/www.pudelzucht-jakob.de\/pudelzucht\/wp-json\/wp\/v2\/categories?post=6683"},{"taxonomy":"post_tag","embeddable":true,"href":"http:\/\/www.pudelzucht-jakob.de\/pudelzucht\/wp-json\/wp\/v2\/tags?post=6683"}],"curies":[{"name":"wp","href":"https:\/\/api.w.org\/{rel}","templated":true}]}}