{"id":6667,"date":"2026-04-15T12:18:10","date_gmt":"2026-04-15T10:18:10","guid":{"rendered":"http:\/\/www.pudelzucht-jakob.de\/pudelzucht\/?p=6667"},"modified":"2026-04-20T22:33:13","modified_gmt":"2026-04-20T20:33:13","slug":"k-wurf-feiert-6-wiegenfest","status":"publish","type":"post","link":"http:\/\/www.pudelzucht-jakob.de\/pudelzucht\/k-wurf-feiert-6-wiegenfest\/","title":{"rendered":"K-Wurf feiert 6. Wiegenfest!"},"content":{"rendered":"<p>Alles Gute w\u00fcnschen wir Kalinka, Kiwi, King-Balu und Kairo zum 6. Geburtstag! Und ihren Dosen\u00f6fnern weiterhin viel Freude mit den Vierbeinern!<\/p>\n<div id=\"attachment_6328\" style=\"width: 279px\" class=\"wp-caption alignnone\"><a href=\"http:\/\/www.pudelzucht-jakob.de\/pudelzucht\/wp-content\/uploads\/2025\/04\/2024-04-14_Kalinka.jpg\"><img loading=\"lazy\" decoding=\"async\" aria-describedby=\"caption-attachment-6328\" src=\"http:\/\/www.pudelzucht-jakob.de\/pudelzucht\/wp-content\/uploads\/2025\/04\/2024-04-14_Kalinka-269x500.jpg\" alt=\"\" width=\"269\" height=\"500\" class=\"size-medium wp-image-6328\" srcset=\"http:\/\/www.pudelzucht-jakob.de\/pudelzucht\/wp-content\/uploads\/2025\/04\/2024-04-14_Kalinka-269x500.jpg 269w, http:\/\/www.pudelzucht-jakob.de\/pudelzucht\/wp-content\/uploads\/2025\/04\/2024-04-14_Kalinka-550x1024.jpg 550w, http:\/\/www.pudelzucht-jakob.de\/pudelzucht\/wp-content\/uploads\/2025\/04\/2024-04-14_Kalinka.jpg 559w\" sizes=\"auto, (max-width: 269px) 100vw, 269px\" \/><\/a><p id=\"caption-attachment-6328\" class=\"wp-caption-text\">Kalinka<\/p><\/div>\n<div id=\"attachment_6669\" style=\"width: 385px\" class=\"wp-caption alignnone\"><a href=\"http:\/\/www.pudelzucht-jakob.de\/pudelzucht\/wp-content\/uploads\/2026\/04\/2025-12-24_Kiwi.jpg\"><img loading=\"lazy\" decoding=\"async\" aria-describedby=\"caption-attachment-6669\" src=\"http:\/\/www.pudelzucht-jakob.de\/pudelzucht\/wp-content\/uploads\/2026\/04\/2025-12-24_Kiwi-375x500.jpg\" alt=\"\" width=\"375\" height=\"500\" class=\"size-medium wp-image-6669\" srcset=\"http:\/\/www.pudelzucht-jakob.de\/pudelzucht\/wp-content\/uploads\/2026\/04\/2025-12-24_Kiwi-375x500.jpg 375w, http:\/\/www.pudelzucht-jakob.de\/pudelzucht\/wp-content\/uploads\/2026\/04\/2025-12-24_Kiwi-768x1024.jpg 768w, http:\/\/www.pudelzucht-jakob.de\/pudelzucht\/wp-content\/uploads\/2026\/04\/2025-12-24_Kiwi.jpg 900w\" sizes=\"auto, (max-width: 375px) 100vw, 375px\" \/><\/a><p id=\"caption-attachment-6669\" class=\"wp-caption-text\">Kiwi<\/p><\/div>\n<div id=\"attachment_6675\" style=\"width: 385px\" class=\"wp-caption alignnone\"><a href=\"http:\/\/www.pudelzucht-jakob.de\/pudelzucht\/wp-content\/uploads\/2026\/04\/2026-04-18_King-Balu-1.jpg\"><img loading=\"lazy\" decoding=\"async\" aria-describedby=\"caption-attachment-6675\" src=\"http:\/\/www.pudelzucht-jakob.de\/pudelzucht\/wp-content\/uploads\/2026\/04\/2026-04-18_King-Balu-1-375x500.jpg\" alt=\"\" width=\"375\" height=\"500\" class=\"size-medium wp-image-6675\" srcset=\"http:\/\/www.pudelzucht-jakob.de\/pudelzucht\/wp-content\/uploads\/2026\/04\/2026-04-18_King-Balu-1-375x500.jpg 375w, http:\/\/www.pudelzucht-jakob.de\/pudelzucht\/wp-content\/uploads\/2026\/04\/2026-04-18_King-Balu-1-768x1024.jpg 768w, http:\/\/www.pudelzucht-jakob.de\/pudelzucht\/wp-content\/uploads\/2026\/04\/2026-04-18_King-Balu-1-1152x1536.jpg 1152w, http:\/\/www.pudelzucht-jakob.de\/pudelzucht\/wp-content\/uploads\/2026\/04\/2026-04-18_King-Balu-1.jpg 1536w\" sizes=\"auto, (max-width: 375px) 100vw, 375px\" \/><\/a><p id=\"caption-attachment-6675\" class=\"wp-caption-text\">King Balu<\/p><\/div>\n<div id=\"attachment_6672\" style=\"width: 424px\" class=\"wp-caption alignnone\"><a href=\"http:\/\/www.pudelzucht-jakob.de\/pudelzucht\/wp-content\/uploads\/2026\/04\/2026-04-15_Kairo.jpg\"><img loading=\"lazy\" decoding=\"async\" aria-describedby=\"caption-attachment-6672\" src=\"http:\/\/www.pudelzucht-jakob.de\/pudelzucht\/wp-content\/uploads\/2026\/04\/2026-04-15_Kairo-414x500.jpg\" alt=\"\" width=\"414\" height=\"500\" class=\"size-medium wp-image-6672\" srcset=\"http:\/\/www.pudelzucht-jakob.de\/pudelzucht\/wp-content\/uploads\/2026\/04\/2026-04-15_Kairo-414x500.jpg 414w, http:\/\/www.pudelzucht-jakob.de\/pudelzucht\/wp-content\/uploads\/2026\/04\/2026-04-15_Kairo-768x927.jpg 768w, http:\/\/www.pudelzucht-jakob.de\/pudelzucht\/wp-content\/uploads\/2026\/04\/2026-04-15_Kairo.jpg 798w\" sizes=\"auto, (max-width: 414px) 100vw, 414px\" \/><\/a><p id=\"caption-attachment-6672\" class=\"wp-caption-text\">Kairo<\/p><\/div>\n<p><strong>Und nicht vergessen: Wir freuen uns immer \u00fcber Bilder und Filmchen von unseren Hundekindern!!<\/strong><\/p>\n","protected":false},"excerpt":{"rendered":"<p>Alles Gute w\u00fcnschen wir Kalinka, Kiwi, King-Balu und Kairo zum 6. Geburtstag! Und ihren Dosen\u00f6fnern weiterhin viel Freude mit den Vierbeinern! Und nicht vergessen: Wir freuen uns immer \u00fcber Bilder und Filmchen von unseren Hundekindern!!<\/p>\n","protected":false},"author":1,"featured_media":0,"comment_status":"closed","ping_status":"closed","sticky":false,"template":"","format":"standard","meta":{"footnotes":""},"categories":[1,7],"tags":[],"class_list":["post-6667","post","type-post","status-publish","format-standard","hentry","category-allgemein","category-pudelzucht"],"_links":{"self":[{"href":"http:\/\/www.pudelzucht-jakob.de\/pudelzucht\/wp-json\/wp\/v2\/posts\/6667","targetHints":{"allow":["GET"]}}],"collection":[{"href":"http:\/\/www.pudelzucht-jakob.de\/pudelzucht\/wp-json\/wp\/v2\/posts"}],"about":[{"href":"http:\/\/www.pudelzucht-jakob.de\/pudelzucht\/wp-json\/wp\/v2\/types\/post"}],"author":[{"embeddable":true,"href":"http:\/\/www.pudelzucht-jakob.de\/pudelzucht\/wp-json\/wp\/v2\/users\/1"}],"replies":[{"embeddable":true,"href":"http:\/\/www.pudelzucht-jakob.de\/pudelzucht\/wp-json\/wp\/v2\/comments?post=6667"}],"version-history":[{"count":4,"href":"http:\/\/www.pudelzucht-jakob.de\/pudelzucht\/wp-json\/wp\/v2\/posts\/6667\/revisions"}],"predecessor-version":[{"id":6676,"href":"http:\/\/www.pudelzucht-jakob.de\/pudelzucht\/wp-json\/wp\/v2\/posts\/6667\/revisions\/6676"}],"wp:attachment":[{"href":"http:\/\/www.pudelzucht-jakob.de\/pudelzucht\/wp-json\/wp\/v2\/media?parent=6667"}],"wp:term":[{"taxonomy":"category","embeddable":true,"href":"http:\/\/www.pudelzucht-jakob.de\/pudelzucht\/wp-json\/wp\/v2\/categories?post=6667"},{"taxonomy":"post_tag","embeddable":true,"href":"http:\/\/www.pudelzucht-jakob.de\/pudelzucht\/wp-json\/wp\/v2\/tags?post=6667"}],"curies":[{"name":"wp","href":"https:\/\/api.w.org\/{rel}","templated":true}]}}