{"id":35,"date":"2008-08-16T15:39:35","date_gmt":"2008-08-16T13:39:35","guid":{"rendered":"http:\/\/www.pudelzucht-jakob.de\/pudelzucht\/?p=35"},"modified":"2021-06-25T15:56:00","modified_gmt":"2021-06-25T13:56:00","slug":"lilifee","status":"publish","type":"post","link":"http:\/\/www.pudelzucht-jakob.de\/pudelzucht\/lilifee\/","title":{"rendered":"Lillyfee"},"content":{"rendered":"<p>Lillyfee\u00a0war das erste mal l\u00e4ufig. Stressig f\u00fcr uns und die R\u00fcden, gut f\u00fcr die Zukunft unserer Zucht! In etwa zwei Jahren werden wir sie wohl zum ersten mal decken lassen.<\/p>\n","protected":false},"excerpt":{"rendered":"<p>Lillyfee\u00a0war das erste mal l\u00e4ufig. Stressig f\u00fcr uns und die R\u00fcden, gut f\u00fcr die Zukunft unserer Zucht! In etwa zwei Jahren werden wir sie wohl zum ersten mal decken lassen.<\/p>\n","protected":false},"author":1,"featured_media":0,"comment_status":"open","ping_status":"open","sticky":false,"template":"","format":"standard","meta":{"footnotes":""},"categories":[9],"tags":[],"class_list":["post-35","post","type-post","status-publish","format-standard","hentry","category-welpen"],"_links":{"self":[{"href":"http:\/\/www.pudelzucht-jakob.de\/pudelzucht\/wp-json\/wp\/v2\/posts\/35","targetHints":{"allow":["GET"]}}],"collection":[{"href":"http:\/\/www.pudelzucht-jakob.de\/pudelzucht\/wp-json\/wp\/v2\/posts"}],"about":[{"href":"http:\/\/www.pudelzucht-jakob.de\/pudelzucht\/wp-json\/wp\/v2\/types\/post"}],"author":[{"embeddable":true,"href":"http:\/\/www.pudelzucht-jakob.de\/pudelzucht\/wp-json\/wp\/v2\/users\/1"}],"replies":[{"embeddable":true,"href":"http:\/\/www.pudelzucht-jakob.de\/pudelzucht\/wp-json\/wp\/v2\/comments?post=35"}],"version-history":[{"count":6,"href":"http:\/\/www.pudelzucht-jakob.de\/pudelzucht\/wp-json\/wp\/v2\/posts\/35\/revisions"}],"predecessor-version":[{"id":229,"href":"http:\/\/www.pudelzucht-jakob.de\/pudelzucht\/wp-json\/wp\/v2\/posts\/35\/revisions\/229"}],"wp:attachment":[{"href":"http:\/\/www.pudelzucht-jakob.de\/pudelzucht\/wp-json\/wp\/v2\/media?parent=35"}],"wp:term":[{"taxonomy":"category","embeddable":true,"href":"http:\/\/www.pudelzucht-jakob.de\/pudelzucht\/wp-json\/wp\/v2\/categories?post=35"},{"taxonomy":"post_tag","embeddable":true,"href":"http:\/\/www.pudelzucht-jakob.de\/pudelzucht\/wp-json\/wp\/v2\/tags?post=35"}],"curies":[{"name":"wp","href":"https:\/\/api.w.org\/{rel}","templated":true}]}}